{"id":3635,"date":"2016-06-23T17:43:42","date_gmt":"2016-06-23T15:43:42","guid":{"rendered":"https:\/\/prod2024-wp.idemia.nbs-test.com\/press-release\/safran-expands-business-activities-in-central-america-and-carribean-with-new-location-in-costa-rica"},"modified":"2021-01-18T15:58:19","modified_gmt":"2021-01-18T14:58:19","slug":"safran-expands-business-activities-in-central-america-and-carribean-with-new-location-in-costa-rica","status":"publish","type":"press_release","link":"https:\/\/www.idemia.com\/fr\/communique-de-presse\/safran-developpe-ses-activites-en-amerique-centrale-et-dans-les-caraibes-en-implantant-un-nouveau-site-au-costa-rica-2016-06-23\/","title":{"rendered":"Safran d\u00e9veloppe ses activit\u00e9s en Am\u00e9rique centrale et dans les Cara\u00efbes en implantant un nouveau site au Costa Rica"},"template":"","hub_tag":[177,178],"footprint":[465,675],"class_list":["post-3635","press_release","type-press_release","status-publish","hentry","hub_tag-biometrie","hub_tag-cryptographie","footprint-amerique-du-sud","footprint-costa-rica-fr"],"acf":[],"_links":{"self":[{"href":"https:\/\/www.idemia.com\/fr\/wp-json\/wp\/v2\/press_release\/3635","targetHints":{"allow":["GET"]}}],"collection":[{"href":"https:\/\/www.idemia.com\/fr\/wp-json\/wp\/v2\/press_release"}],"about":[{"href":"https:\/\/www.idemia.com\/fr\/wp-json\/wp\/v2\/types\/press_release"}],"wp:attachment":[{"href":"https:\/\/www.idemia.com\/fr\/wp-json\/wp\/v2\/media?parent=3635"}],"wp:term":[{"taxonomy":"hub_tag","embeddable":true,"href":"https:\/\/www.idemia.com\/fr\/wp-json\/wp\/v2\/hub_tag?post=3635"},{"taxonomy":"footprint","embeddable":true,"href":"https:\/\/www.idemia.com\/fr\/wp-json\/wp\/v2\/footprint?post=3635"}],"curies":[{"name":"wp","href":"https:\/\/api.w.org\/{rel}","templated":true}]}}