{"id":6887,"date":"2021-06-01T16:04:43","date_gmt":"2021-06-01T14:04:43","guid":{"rendered":"https:\/\/prod2024-wp.idemia.nbs-test.com\/?post_type=press_release&#038;p=6887"},"modified":"2023-08-29T17:35:40","modified_gmt":"2023-08-29T15:35:40","slug":"idemia-nomme-donnie-scott-au-poste-de-directeur-general-identite-et-securite-pour-lamerique-du-nord","status":"publish","type":"press_release","link":"https:\/\/www.idemia.com\/fr\/communique-de-presse\/idemia-nomme-donnie-scott-au-poste-de-directeur-general-identite-et-securite-pour-lamerique-du-nord-2021-06-01\/","title":{"rendered":"IDEMIA nomme Donnie Scott au poste de Directeur g\u00e9n\u00e9ral Identit\u00e9 et S\u00e9curit\u00e9 pour l\u2019Am\u00e9rique du Nord"},"template":"","hub_tag":[],"footprint":[],"class_list":["post-6887","press_release","type-press_release","status-publish","hentry"],"acf":[],"_links":{"self":[{"href":"https:\/\/www.idemia.com\/fr\/wp-json\/wp\/v2\/press_release\/6887","targetHints":{"allow":["GET"]}}],"collection":[{"href":"https:\/\/www.idemia.com\/fr\/wp-json\/wp\/v2\/press_release"}],"about":[{"href":"https:\/\/www.idemia.com\/fr\/wp-json\/wp\/v2\/types\/press_release"}],"wp:attachment":[{"href":"https:\/\/www.idemia.com\/fr\/wp-json\/wp\/v2\/media?parent=6887"}],"wp:term":[{"taxonomy":"hub_tag","embeddable":true,"href":"https:\/\/www.idemia.com\/fr\/wp-json\/wp\/v2\/hub_tag?post=6887"},{"taxonomy":"footprint","embeddable":true,"href":"https:\/\/www.idemia.com\/fr\/wp-json\/wp\/v2\/footprint?post=6887"}],"curies":[{"name":"wp","href":"https:\/\/api.w.org\/{rel}","templated":true}]}}