{"id":7214,"date":"2021-07-12T10:50:52","date_gmt":"2021-07-12T08:50:52","guid":{"rendered":"https:\/\/prod2024-wp.idemia.nbs-test.com\/?post_type=press_release&#038;p=7214"},"modified":"2023-09-12T09:59:27","modified_gmt":"2023-09-12T07:59:27","slug":"idemia-annonce-un-partenariat-mondial-avec-bosch-building-technologies-en-matiere-de-controle-dacces-biometrique-dans-un-marche-valorise-a-1-milliard-de-dollars","status":"publish","type":"press_release","link":"https:\/\/www.idemia.com\/fr\/communique-de-presse\/idemia-annonce-un-partenariat-mondial-avec-bosch-building-technologies-en-matiere-de-controle-dacces-biometrique-dans-un-marche-valorise-1-milliard-de-dollars-2021-07-12\/","title":{"rendered":"IDEMIA annonce un partenariat mondial avec Bosch Building Technologies en mati\u00e8re de contr\u00f4le d\u2019acc\u00e8s biom\u00e9trique dans un march\u00e9 valoris\u00e9 \u00e0 1 milliard de dollars"},"template":"","hub_tag":[177],"footprint":[546,462],"class_list":["post-7214","press_release","type-press_release","status-publish","hentry","hub_tag-biometrie","footprint-allemagne","footprint-europe-fr"],"acf":[],"_links":{"self":[{"href":"https:\/\/www.idemia.com\/fr\/wp-json\/wp\/v2\/press_release\/7214","targetHints":{"allow":["GET"]}}],"collection":[{"href":"https:\/\/www.idemia.com\/fr\/wp-json\/wp\/v2\/press_release"}],"about":[{"href":"https:\/\/www.idemia.com\/fr\/wp-json\/wp\/v2\/types\/press_release"}],"wp:attachment":[{"href":"https:\/\/www.idemia.com\/fr\/wp-json\/wp\/v2\/media?parent=7214"}],"wp:term":[{"taxonomy":"hub_tag","embeddable":true,"href":"https:\/\/www.idemia.com\/fr\/wp-json\/wp\/v2\/hub_tag?post=7214"},{"taxonomy":"footprint","embeddable":true,"href":"https:\/\/www.idemia.com\/fr\/wp-json\/wp\/v2\/footprint?post=7214"}],"curies":[{"name":"wp","href":"https:\/\/api.w.org\/{rel}","templated":true}]}}