{"id":9792,"date":"2022-09-13T12:01:29","date_gmt":"2022-09-13T10:01:29","guid":{"rendered":"https:\/\/prod2024-wp.idemia.nbs-test.com\/?post_type=press_release&#038;p=9792"},"modified":"2025-08-25T11:26:53","modified_gmt":"2025-08-25T09:26:53","slug":"la-technologie-biometrique-didemia-se-distingue-a-la-competition-internationale-du-nist-en-reconnaissance-faciale-en-combinant-equite-et-precision","status":"publish","type":"press_release","link":"https:\/\/www.idemia.com\/fr\/communique-de-presse\/la-technologie-biometrique-didemia-se-distingue-la-competition-internationale-du-nist-en-reconnaissance-faciale-en-combinant-equite-et-precision-2022-09-13\/","title":{"rendered":"La technologie biom\u00e9trique d\u2019IDEMIA se distingue \u00e0 la comp\u00e9tition internationale du NIST en reconnaissance faciale en combinant \u00e9quit\u00e9 et pr\u00e9cision"},"template":"","hub_tag":[177],"footprint":[],"class_list":["post-9792","press_release","type-press_release","status-publish","hentry","hub_tag-biometrie"],"acf":[],"_links":{"self":[{"href":"https:\/\/www.idemia.com\/fr\/wp-json\/wp\/v2\/press_release\/9792","targetHints":{"allow":["GET"]}}],"collection":[{"href":"https:\/\/www.idemia.com\/fr\/wp-json\/wp\/v2\/press_release"}],"about":[{"href":"https:\/\/www.idemia.com\/fr\/wp-json\/wp\/v2\/types\/press_release"}],"wp:attachment":[{"href":"https:\/\/www.idemia.com\/fr\/wp-json\/wp\/v2\/media?parent=9792"}],"wp:term":[{"taxonomy":"hub_tag","embeddable":true,"href":"https:\/\/www.idemia.com\/fr\/wp-json\/wp\/v2\/hub_tag?post=9792"},{"taxonomy":"footprint","embeddable":true,"href":"https:\/\/www.idemia.com\/fr\/wp-json\/wp\/v2\/footprint?post=9792"}],"curies":[{"name":"wp","href":"https:\/\/api.w.org\/{rel}","templated":true}]}}